
{"id":19342,"date":"2024-03-04T13:42:05","date_gmt":"2024-03-04T18:42:05","guid":{"rendered":"https:\/\/fpsct.org\/aviso-publico-das-escolas-publicas-de-farmington-sobre-a-destruicao-de-registos\/"},"modified":"2025-03-18T12:12:29","modified_gmt":"2025-03-18T16:12:29","slug":"aviso-publico-das-escolas-publicas-de-farmington-sobre-a-destruicao-de-registos","status":"publish","type":"post","link":"https:\/\/fpsct.org\/pt-pt\/aviso-publico-das-escolas-publicas-de-farmington-sobre-a-destruicao-de-registos\/","title":{"rendered":"Aviso p\u00fablico das escolas p\u00fablicas de Farmington sobre a destrui\u00e7\u00e3o de registos"},"content":{"rendered":"\t\t<div data-elementor-type=\"wp-post\" data-elementor-id=\"19342\" class=\"elementor elementor-19342 elementor-3036\" data-elementor-post-type=\"post\">\n\t\t\t\t\t\t\t\t\t<section data-particle_enable=\"false\" data-particle-mobile-disabled=\"false\" class=\"elementor-section elementor-top-section elementor-element elementor-element-d6f842d elementor-section-boxed elementor-section-height-default elementor-section-height-default\" data-id=\"d6f842d\" data-element_type=\"section\">\n\t\t\t\t\t\t<div class=\"elementor-container elementor-column-gap-default\">\n\t\t\t\t\t<div class=\"elementor-column elementor-col-100 elementor-top-column elementor-element elementor-element-69bc4b11\" data-id=\"69bc4b11\" data-element_type=\"column\">\n\t\t\t<div class=\"elementor-widget-wrap elementor-element-populated\">\n\t\t\t\t\t\t\t\t<div class=\"elementor-element elementor-element-4d8f1e4 elementor-widget elementor-widget-text-editor\" data-id=\"4d8f1e4\" data-element_type=\"widget\" data-widget_type=\"text-editor.default\">\n\t\t\t\t<div class=\"elementor-widget-container\">\n\t\t\t<style>\/*! elementor - v3.17.0 - 08-11-2023 *\/\n.elementor-widget-text-editor.elementor-drop-cap-view-stacked .elementor-drop-cap{background-color:#69727d;color:#fff}.elementor-widget-text-editor.elementor-drop-cap-view-framed .elementor-drop-cap{color:#69727d;border:3px solid;background-color:transparent}.elementor-widget-text-editor:not(.elementor-drop-cap-view-default) .elementor-drop-cap{margin-top:8px}.elementor-widget-text-editor:not(.elementor-drop-cap-view-default) .elementor-drop-cap-letter{width:1em;height:1em}.elementor-widget-text-editor .elementor-drop-cap{float:left;text-align:center;line-height:1;font-size:50px}.elementor-widget-text-editor .elementor-drop-cap-letter{display:inline-block}<\/style>\t\t\t\t<div>As Escolas P\u00fablicas de Farmington, Departamento de Servi\u00e7os Especiais, destruir\u00e3o os registos escolares, de acordo com as diretrizes do Estado de Connecticut e federais.<\/div>\n<div>Os registos ser\u00e3o destru\u00eddos a 14 de mar\u00e7o de 2025. Os registos referem-se aos alunos da turma de 2018 (registos de ensino especial) e incluem os registos dos alunos que frequentaram as Escolas P\u00fablicas de Farmington mas n\u00e3o se formaram em Farmington (registos de ensino especial, de sa\u00fade e cumulativos). Os antigos alunos que queiram obter os seus registos devem marcar uma reuni\u00e3o ligando para o gabinete do Diretor de Servi\u00e7os Especiais atrav\u00e9s do n\u00famero 860-677-1791 antes de 14 de mar\u00e7o de 2025. <\/div>\n\t\t\t\t\t\t<\/div>\n\t\t\t\t<\/div>\n\t\t\t\t\t<\/div>\n\t\t<\/div>\n\t\t\t\t\t\t\t<\/div>\n\t\t<\/section>\n\t\t\t\t\t\t\t<\/div>\n\t\t","protected":false},"excerpt":{"rendered":"<p>As Escolas P\u00fablicas de Farmington, Departamento de Servi\u00e7os Especiais, destruir\u00e3o os registos escolares, de acordo com as diretrizes do Estado de Connecticut e federais. Os registos ser\u00e3o destru\u00eddos a 14 de mar\u00e7o de 2025. Os registos referem-se aos alunos da turma de 2018 (registos de ensino especial) e incluem os registos dos alunos que frequentaram [&hellip;]<\/p>\n","protected":false},"author":3,"featured_media":12119,"comment_status":"closed","ping_status":"closed","sticky":true,"template":"","format":"standard","meta":{"_acf_changed":false,"footnotes":""},"categories":[95],"tags":[],"class_list":["post-19342","post","type-post","status-publish","format-standard","has-post-thumbnail","hentry","category-sem-categoria"],"acf":[],"_links":{"self":[{"href":"https:\/\/fpsct.org\/pt-pt\/wp-json\/wp\/v2\/posts\/19342","targetHints":{"allow":["GET"]}}],"collection":[{"href":"https:\/\/fpsct.org\/pt-pt\/wp-json\/wp\/v2\/posts"}],"about":[{"href":"https:\/\/fpsct.org\/pt-pt\/wp-json\/wp\/v2\/types\/post"}],"author":[{"embeddable":true,"href":"https:\/\/fpsct.org\/pt-pt\/wp-json\/wp\/v2\/users\/3"}],"replies":[{"embeddable":true,"href":"https:\/\/fpsct.org\/pt-pt\/wp-json\/wp\/v2\/comments?post=19342"}],"version-history":[{"count":0,"href":"https:\/\/fpsct.org\/pt-pt\/wp-json\/wp\/v2\/posts\/19342\/revisions"}],"wp:featuredmedia":[{"embeddable":true,"href":"https:\/\/fpsct.org\/pt-pt\/wp-json\/wp\/v2\/media\/12119"}],"wp:attachment":[{"href":"https:\/\/fpsct.org\/pt-pt\/wp-json\/wp\/v2\/media?parent=19342"}],"wp:term":[{"taxonomy":"category","embeddable":true,"href":"https:\/\/fpsct.org\/pt-pt\/wp-json\/wp\/v2\/categories?post=19342"},{"taxonomy":"post_tag","embeddable":true,"href":"https:\/\/fpsct.org\/pt-pt\/wp-json\/wp\/v2\/tags?post=19342"}],"curies":[{"name":"wp","href":"https:\/\/api.w.org\/{rel}","templated":true}]}}