
{"id":18143,"date":"2023-03-09T12:30:01","date_gmt":"2023-03-09T17:30:01","guid":{"rendered":"https:\/\/fpsct.org\/oficina-de-matematica-para-o-jardim-de-infancia\/"},"modified":"2024-06-24T12:44:45","modified_gmt":"2024-06-24T16:44:45","slug":"oficina-de-matematica-para-o-jardim-de-infancia","status":"publish","type":"post","link":"https:\/\/fpsct.org\/pt-pt\/oficina-de-matematica-para-o-jardim-de-infancia\/","title":{"rendered":"Oficina de matem\u00e1tica para o jardim de inf\u00e2ncia"},"content":{"rendered":"\n<p>As fam\u00edlias do jardim de inf\u00e2ncia foram convidadas para um Workshop de Matem\u00e1tica para Pais e Filhos, organizado pela Dra. Kristen Wilder, Facilitadora de Envolvimento Familiar, na segunda-feira, 6 de mar\u00e7o. Foram oferecidas cinco sess\u00f5es durante a tarde e a noite na sala de programas infantis da Biblioteca P\u00fablica de Farmington. As fam\u00edlias ficaram a conhecer as normas de matem\u00e1tica do jardim de inf\u00e2ncia e as actividades para apoiar a aprendizagem dos seus filhos. Ap\u00f3s a apresenta\u00e7\u00e3o, os pais juntaram-se \u00e0s crian\u00e7as em mais de 20 esta\u00e7\u00f5es de actividades diferentes que promoviam a matem\u00e1tica. Todas as fam\u00edlias receberam tangrams, dados, um baralho de cartas e outros recursos para continuarem a divers\u00e3o em casa.<\/p>\n","protected":false},"excerpt":{"rendered":"<p>As fam\u00edlias do jardim de inf\u00e2ncia foram convidadas para um Workshop de Matem\u00e1tica para Pais e Filhos, organizado pela Dra. Kristen Wilder, Facilitadora de Envolvimento Familiar, na segunda-feira, 6 de mar\u00e7o. Foram oferecidas cinco sess\u00f5es durante a tarde e a noite na sala de programas infantis da Biblioteca P\u00fablica de Farmington. As fam\u00edlias ficaram a [&hellip;]<\/p>\n","protected":false},"author":1,"featured_media":10215,"comment_status":"closed","ping_status":"closed","sticky":false,"template":"","format":"standard","meta":{"_acf_changed":false,"footnotes":""},"categories":[159],"tags":[],"class_list":["post-18143","post","type-post","status-publish","format-standard","has-post-thumbnail","hentry","category-comunicado-de-imprensa"],"acf":[],"_links":{"self":[{"href":"https:\/\/fpsct.org\/pt-pt\/wp-json\/wp\/v2\/posts\/18143","targetHints":{"allow":["GET"]}}],"collection":[{"href":"https:\/\/fpsct.org\/pt-pt\/wp-json\/wp\/v2\/posts"}],"about":[{"href":"https:\/\/fpsct.org\/pt-pt\/wp-json\/wp\/v2\/types\/post"}],"author":[{"embeddable":true,"href":"https:\/\/fpsct.org\/pt-pt\/wp-json\/wp\/v2\/users\/1"}],"replies":[{"embeddable":true,"href":"https:\/\/fpsct.org\/pt-pt\/wp-json\/wp\/v2\/comments?post=18143"}],"version-history":[{"count":0,"href":"https:\/\/fpsct.org\/pt-pt\/wp-json\/wp\/v2\/posts\/18143\/revisions"}],"wp:featuredmedia":[{"embeddable":true,"href":"https:\/\/fpsct.org\/pt-pt\/wp-json\/wp\/v2\/media\/10215"}],"wp:attachment":[{"href":"https:\/\/fpsct.org\/pt-pt\/wp-json\/wp\/v2\/media?parent=18143"}],"wp:term":[{"taxonomy":"category","embeddable":true,"href":"https:\/\/fpsct.org\/pt-pt\/wp-json\/wp\/v2\/categories?post=18143"},{"taxonomy":"post_tag","embeddable":true,"href":"https:\/\/fpsct.org\/pt-pt\/wp-json\/wp\/v2\/tags?post=18143"}],"curies":[{"name":"wp","href":"https:\/\/api.w.org\/{rel}","templated":true}]}}