
{"id":17408,"date":"2023-07-21T17:05:00","date_gmt":"2023-07-21T21:05:00","guid":{"rendered":"https:\/\/fpsct.org\/acampamento-de-verao-da-fcp\/"},"modified":"2024-06-24T12:39:09","modified_gmt":"2024-06-24T16:39:09","slug":"acampamento-de-verao-da-fcp","status":"publish","type":"post","link":"https:\/\/fpsct.org\/pt-pt\/acampamento-de-verao-da-fcp\/","title":{"rendered":"Acampamento de ver\u00e3o da FCP"},"content":{"rendered":"\n<p>Os nossos alunos do pr\u00e9-escolar tiveram um ver\u00e3o excelente, adaptando-se \u00e0 mudan\u00e7a com resili\u00eancia. Todas as semanas, os nossos alunos participam em novos temas e actividades. Os nossos alunos tiveram a oportunidade de trabalhar com uma variedade de alunos, n\u00e3o s\u00f3 das suas pr\u00f3prias escolas, mas tamb\u00e9m de outras escolas do distrito. Cada personalidade de um aluno que entra na nossa sala de aula permite-lhe participar no seu processo de tomada de decis\u00f5es e de resolu\u00e7\u00e3o de conflitos.<\/p>\n\n<p>Durante o tempo do centro, os alunos do pr\u00e9-escolar s\u00e3o colaboradores empenhados. Trabalham em conjunto para completar tarefas e s\u00e3o flex\u00edveis para aceitar ideias dos outros. Todas estas experi\u00eancias pr\u00e1ticas permitem-lhes ser l\u00edderes na sua pr\u00f3pria aprendizagem.<\/p>\n\n<p>Tivemos o prazer de trabalhar com a nossa comunidade e de ir at\u00e9 \u00e0 Biblioteca Barney para participar no tempo de biblioteca com a Sra. Amy! Envolvemos as fam\u00edlias, tornando-as leitoras mist\u00e9rio na nossa sala de aula. Durante os dias mais quentes do ver\u00e3o, ver\u00e1 os nossos alunos a participar em actividades aqu\u00e1ticas e jogos de gin\u00e1stica para ajudar a desenvolver as capacidades motoras grossas. Durante o ver\u00e3o, continuaremos a desenvolver as suas capacidades de aprendizagem, de autoajuda e de aceita\u00e7\u00e3o de si pr\u00f3prios e dos outros!<\/p>\n","protected":false},"excerpt":{"rendered":"<p>Os nossos alunos do pr\u00e9-escolar tiveram um ver\u00e3o excelente, adaptando-se \u00e0 mudan\u00e7a com resili\u00eancia. Todas as semanas, os nossos alunos participam em novos temas e actividades. Os nossos alunos tiveram a oportunidade de trabalhar com uma variedade de alunos, n\u00e3o s\u00f3 das suas pr\u00f3prias escolas, mas tamb\u00e9m de outras escolas do distrito. Cada personalidade de [&hellip;]<\/p>\n","protected":false},"author":1,"featured_media":8935,"comment_status":"closed","ping_status":"closed","sticky":false,"template":"","format":"standard","meta":{"_acf_changed":false,"footnotes":""},"categories":[95],"tags":[],"class_list":["post-17408","post","type-post","status-publish","format-standard","has-post-thumbnail","hentry","category-sem-categoria"],"acf":[],"_links":{"self":[{"href":"https:\/\/fpsct.org\/pt-pt\/wp-json\/wp\/v2\/posts\/17408","targetHints":{"allow":["GET"]}}],"collection":[{"href":"https:\/\/fpsct.org\/pt-pt\/wp-json\/wp\/v2\/posts"}],"about":[{"href":"https:\/\/fpsct.org\/pt-pt\/wp-json\/wp\/v2\/types\/post"}],"author":[{"embeddable":true,"href":"https:\/\/fpsct.org\/pt-pt\/wp-json\/wp\/v2\/users\/1"}],"replies":[{"embeddable":true,"href":"https:\/\/fpsct.org\/pt-pt\/wp-json\/wp\/v2\/comments?post=17408"}],"version-history":[{"count":0,"href":"https:\/\/fpsct.org\/pt-pt\/wp-json\/wp\/v2\/posts\/17408\/revisions"}],"wp:featuredmedia":[{"embeddable":true,"href":"https:\/\/fpsct.org\/pt-pt\/wp-json\/wp\/v2\/media\/8935"}],"wp:attachment":[{"href":"https:\/\/fpsct.org\/pt-pt\/wp-json\/wp\/v2\/media?parent=17408"}],"wp:term":[{"taxonomy":"category","embeddable":true,"href":"https:\/\/fpsct.org\/pt-pt\/wp-json\/wp\/v2\/categories?post=17408"},{"taxonomy":"post_tag","embeddable":true,"href":"https:\/\/fpsct.org\/pt-pt\/wp-json\/wp\/v2\/tags?post=17408"}],"curies":[{"name":"wp","href":"https:\/\/api.w.org\/{rel}","templated":true}]}}