
{"id":34860,"date":"2024-12-12T07:36:10","date_gmt":"2024-12-12T12:36:10","guid":{"rendered":"https:\/\/fpsct.org\/comunicado-a-imprensa-diretor-de-curriculo-e-instrucao\/"},"modified":"2024-12-12T07:37:29","modified_gmt":"2024-12-12T12:37:29","slug":"comunicado-a-imprensa-diretor-de-curriculo-e-instrucao","status":"publish","type":"post","link":"https:\/\/fpsct.org\/pt-br\/comunicado-a-imprensa-diretor-de-curriculo-e-instrucao\/","title":{"rendered":"Comunicado \u00e0 imprensa &#8211; Diretor de Curr\u00edculo e Instru\u00e7\u00e3o"},"content":{"rendered":"\t\t<div data-elementor-type=\"wp-post\" data-elementor-id=\"34860\" class=\"elementor elementor-34860 elementor-34851\" data-elementor-post-type=\"post\">\n\t\t\t\t\t\t\t\t\t<section data-particle_enable=\"false\" data-particle-mobile-disabled=\"false\" class=\"elementor-section elementor-top-section elementor-element elementor-element-d6f842d elementor-section-boxed elementor-section-height-default elementor-section-height-default\" data-id=\"d6f842d\" data-element_type=\"section\">\n\t\t\t\t\t\t<div class=\"elementor-container elementor-column-gap-default\">\n\t\t\t\t\t<div class=\"elementor-column elementor-col-100 elementor-top-column elementor-element elementor-element-69bc4b11\" data-id=\"69bc4b11\" data-element_type=\"column\">\n\t\t\t<div class=\"elementor-widget-wrap elementor-element-populated\">\n\t\t\t\t\t\t\t\t<div class=\"elementor-element elementor-element-34d2998 elementor-widget elementor-widget-text-editor\" data-id=\"34d2998\" data-element_type=\"widget\" data-widget_type=\"text-editor.default\">\n\t\t\t\t<div class=\"elementor-widget-container\">\n\t\t\t<style>\/*! elementor - v3.17.0 - 08-11-2023 *\/\n.elementor-widget-text-editor.elementor-drop-cap-view-stacked .elementor-drop-cap{background-color:#69727d;color:#fff}.elementor-widget-text-editor.elementor-drop-cap-view-framed .elementor-drop-cap{color:#69727d;border:3px solid;background-color:transparent}.elementor-widget-text-editor:not(.elementor-drop-cap-view-default) .elementor-drop-cap{margin-top:8px}.elementor-widget-text-editor:not(.elementor-drop-cap-view-default) .elementor-drop-cap-letter{width:1em;height:1em}.elementor-widget-text-editor .elementor-drop-cap{float:left;text-align:center;line-height:1;font-size:50px}.elementor-widget-text-editor .elementor-drop-cap-letter{display:inline-block}<\/style>\t\t\t\t<div>\n<p><b>AS ESCOLAS P\u00daBLICAS DE FARMINGTON ANUNCIAM <\/b><b>A NOMEA\u00c7\u00c3O DO DIRETOR DE CURR\u00cdCULO E INSTRU\u00c7\u00c3O A PARTIR DE 21 DE JANEIRO DE 2024<\/b><\/p>\n<p><\/p>\n<p><span style=\"font-weight: 400;\">O Conselho de Educa\u00e7\u00e3o de Farmington e a Superintendente Kathleen C. Greider t\u00eam o orgulho de anunciar a nomea\u00e7\u00e3o de Eric Martin como Diretor de Curr\u00edculo e Instru\u00e7\u00e3o das Escolas P\u00fablicas de Farmington, a partir de 21 de janeiro de 2025. A partir de 21 de janeiro de 2025, Eric Martin substituir\u00e1 a atual Diretora de Curr\u00edculo, Veronica Ruzek, que foi nomeada para o cargo de Superintendente Assistente de Curr\u00edculo, Instru\u00e7\u00e3o e Recursos Humanos. Eric Martin \u00e9 o atual Diretor de Curr\u00edculo, Instru\u00e7\u00e3o e Tecnologia das Escolas P\u00fablicas de Portland, tendo exercido fun\u00e7\u00f5es semelhantes por aproximadamente oito anos. Sua experi\u00eancia em curr\u00edculo e instru\u00e7\u00e3o no per\u00edodo pr\u00e9-K-12 est\u00e1 bem alinhada ao seu novo cargo nas escolas de Farmington. Durante todo o processo de busca, Eric articulou sua cren\u00e7a em altas expectativas acad\u00eamicas em ambientes de aprendizagem que priorizam o pertencimento, a curiosidade, a voz e a escolha do aluno e a relev\u00e2ncia, levando a experi\u00eancias de aprendizagem mais profundas para todos. Seu conhecimento, experi\u00eancia e cren\u00e7as se alinham bem aos principais documentos de Farmington, nossa Vis\u00e3o do Cidad\u00e3o Global, Estrutura para Ensino e Aprendizagem, Cren\u00e7as Fundamentais, Estrutura de Equidade e Teoria da A\u00e7\u00e3o.       <\/span><\/p>\n<p><\/p>\n<p><span style=\"font-weight: 400;\">O superintendente Greider afirma: &#8220;<\/span><i><span style=\"font-weight: 400;\">\u00c9 com entusiasmo que damos as boas-vindas a Eric Martin nas Escolas P\u00fablicas de Farmington. Sua experi\u00eancia em curr\u00edculo e instru\u00e7\u00e3o centrados no aluno, bem como em desenvolvimento profissional de alta qualidade, promover\u00e1 experi\u00eancias de aprendizagem mais profundas para todos os alunos em todo o distrito escolar. O foco de Eric na constru\u00e7\u00e3o de relacionamentos durante sua transi\u00e7\u00e3o, bem como o trabalho com todos os membros da comunidade do distrito escolar para implementar prioridades inovadoras de aprimoramento estrat\u00e9gico alinhadas \u00e0 nossa Vis\u00e3o do Cidad\u00e3o Global, fizeram dele uma excelente escolha para esse importante cargo de lideran\u00e7a do PreK-12. Damos os nossos mais sinceros parab\u00e9ns ao Eric e aguardamos ansiosamente sua chegada em janeiro.   <\/span><\/i><span style=\"font-weight: 400;\">&#8221;  <\/span><\/p>\n<p><\/p>\n<p><span style=\"font-weight: 400;\">O presidente da diretoria, Bill Beckert, comentou: &#8220;<\/span><i><span style=\"font-weight: 400;\">Nosso Diretor de Curr\u00edculo e Instru\u00e7\u00e3o \u00e9 um cargo essencial para apoiar professores e l\u00edderes de professores na implementa\u00e7\u00e3o de nossos Planos de Desenvolvimento Escolar e de Programas alinhados aos nossos principais documentos de aprimoramento. Eric \u00e9 residente e pai de crian\u00e7as em Farmington, e o Conselho de Educa\u00e7\u00e3o est\u00e1 entusiasmado em nomear um l\u00edder de curr\u00edculo e instru\u00e7\u00e3o t\u00e3o experiente e respeitado para o distrito escolar de Farmington. <\/span><\/i><span style=\"font-weight: 400;\">&#8220;<\/span><\/p>\n<p><\/p>\n<p><span style=\"font-weight: 400;\">Veronica Ruzek declarou: &#8220;<\/span><i><span style=\"font-weight: 400;\">O Diretor de Curr\u00edculo e Instru\u00e7\u00e3o tem amplas responsabilidades de moldar as experi\u00eancias de ensino e aprendizado de nossos alunos e professores. Estamos entusiasmados em dar as boas-vindas a Eric Martin a esse cargo e \u00e0 nossa equipe de lideran\u00e7a, onde ele se juntar\u00e1 a n\u00f3s no planejamento de salas de aula acolhedoras, ativas e envolventes em todo o distrito.&#8221; <\/span><\/i><\/p>\n<p><\/p>\n<p><span style=\"font-weight: 400;\">Ao ser indicado como Diretor de Curr\u00edculo, Eric Martin comentou &#8220;<\/span><i><span style=\"font-weight: 400;\">Como morador orgulhoso de Farmington e pai de dois jovens alunos do FPS, eu n\u00e3o poderia estar mais animado para ingressar em um distrito escolar t\u00e3o vision\u00e1rio, rico em talentos e voltado para os alunos como o nosso. Em Farmington, nossas fam\u00edlias e alunos, sem d\u00favida, merecem e recebem incessantemente de nossos professores e l\u00edderes o que h\u00e1 de melhor em educa\u00e7\u00e3o p\u00fablica: uma comunidade escolar estimulante, experi\u00eancias de aprendizado profundas e a promessa de crescimento m\u00e1ximo para cada crian\u00e7a. Para mim, a oportunidade de ajudar a contribuir para a excel\u00eancia bem estabelecida das Farmington Public Schools \u00e9 um privil\u00e9gio profissional e uma honra pessoal. Simplesmente n\u00e3o vejo a hora de fazer parte do incr\u00edvel trabalho que est\u00e1 acontecendo aqui, um trabalho que eleva todas as crian\u00e7as, que honra nossas fam\u00edlias e que fortalece nosso mundo compartilhado.   <\/span><\/i><span style=\"font-weight: 400;\">&#8220;<\/span><\/p>\n<p><b>Breve biografia:<\/b><\/p>\n<p><span style=\"font-weight: 400;\">Eric Martin \u00e9 graduado pela Central Connecticut State University e tamb\u00e9m tem mestrado em Curr\u00edculo e Instru\u00e7\u00e3o pela University of Saint Joseph, al\u00e9m de certifica\u00e7\u00e3o de Administra\u00e7\u00e3o 092 pela Sacred Heart University e certifica\u00e7\u00e3o de Superintendente 093 pela CCSU. Atualmente, Eric \u00e9 Diretor de Curr\u00edculo, Instru\u00e7\u00e3o e Tecnologia em Portland, Connecticut, e ocupou a mesma fun\u00e7\u00e3o nas Escolas P\u00fablicas de Thomaston de 2016 a 2020. Eric tamb\u00e9m tem experi\u00eancia de ensino como professor de ingl\u00eas do ensino m\u00e9dio em West Hartford e Thomaston.  <\/span><\/p>\n<\/div>\n<div> <\/div>\n\t\t\t\t\t\t<\/div>\n\t\t\t\t<\/div>\n\t\t\t\t\t<\/div>\n\t\t<\/div>\n\t\t\t\t\t\t\t<\/div>\n\t\t<\/section>\n\t\t\t\t\t\t\t<\/div>\n\t\t","protected":false},"excerpt":{"rendered":"<p>AS ESCOLAS P\u00daBLICAS DE FARMINGTON ANUNCIAM A NOMEA\u00c7\u00c3O DO DIRETOR DE CURR\u00cdCULO E INSTRU\u00c7\u00c3O A PARTIR DE 21 DE JANEIRO DE 2024 O Conselho de Educa\u00e7\u00e3o de Farmington e a Superintendente Kathleen C. Greider t\u00eam o orgulho de anunciar a nomea\u00e7\u00e3o de Eric Martin como Diretor de Curr\u00edculo e Instru\u00e7\u00e3o das Escolas P\u00fablicas de Farmington, [&hellip;]<\/p>\n","protected":false},"author":3,"featured_media":34843,"comment_status":"closed","ping_status":"closed","sticky":false,"template":"","format":"standard","meta":{"_acf_changed":false,"footnotes":""},"categories":[161],"tags":[],"class_list":["post-34860","post","type-post","status-publish","format-standard","has-post-thumbnail","hentry","category-comunicado-a-imprensa"],"acf":[],"_links":{"self":[{"href":"https:\/\/fpsct.org\/pt-br\/wp-json\/wp\/v2\/posts\/34860","targetHints":{"allow":["GET"]}}],"collection":[{"href":"https:\/\/fpsct.org\/pt-br\/wp-json\/wp\/v2\/posts"}],"about":[{"href":"https:\/\/fpsct.org\/pt-br\/wp-json\/wp\/v2\/types\/post"}],"author":[{"embeddable":true,"href":"https:\/\/fpsct.org\/pt-br\/wp-json\/wp\/v2\/users\/3"}],"replies":[{"embeddable":true,"href":"https:\/\/fpsct.org\/pt-br\/wp-json\/wp\/v2\/comments?post=34860"}],"version-history":[{"count":0,"href":"https:\/\/fpsct.org\/pt-br\/wp-json\/wp\/v2\/posts\/34860\/revisions"}],"wp:featuredmedia":[{"embeddable":true,"href":"https:\/\/fpsct.org\/pt-br\/wp-json\/wp\/v2\/media\/34843"}],"wp:attachment":[{"href":"https:\/\/fpsct.org\/pt-br\/wp-json\/wp\/v2\/media?parent=34860"}],"wp:term":[{"taxonomy":"category","embeddable":true,"href":"https:\/\/fpsct.org\/pt-br\/wp-json\/wp\/v2\/categories?post=34860"},{"taxonomy":"post_tag","embeddable":true,"href":"https:\/\/fpsct.org\/pt-br\/wp-json\/wp\/v2\/tags?post=34860"}],"curies":[{"name":"wp","href":"https:\/\/api.w.org\/{rel}","templated":true}]}}