
{"id":17237,"date":"2023-06-13T15:03:04","date_gmt":"2023-06-13T19:03:04","guid":{"rendered":"https:\/\/fpsct.org\/encontros-de-verao-do-jardim-de-infancia\/"},"modified":"2024-06-24T12:37:35","modified_gmt":"2024-06-24T16:37:35","slug":"encontros-de-verao-do-jardim-de-infancia","status":"publish","type":"post","link":"https:\/\/fpsct.org\/pt-br\/encontros-de-verao-do-jardim-de-infancia\/","title":{"rendered":"Encontros de ver\u00e3o do jardim de inf\u00e2ncia!"},"content":{"rendered":"\n<p>Clique <a href=\"\/wp-content\/uploads\/2023\/10\/Kindergarten_Summer_Meet_ups.pdf\" data-type=\"link\" data-id=\"\/wp-content\/uploads\/2023\/10\/Kindergarten_Summer_Meet_ups.pdf\">aqui<\/a> para ver a programa\u00e7\u00e3o dos encontros de ver\u00e3o do jardim de inf\u00e2ncia!<\/p>\n","protected":false},"excerpt":{"rendered":"<p>Clique aqui para ver a programa\u00e7\u00e3o dos encontros de ver\u00e3o do jardim de inf\u00e2ncia!<\/p>\n","protected":false},"author":1,"featured_media":7462,"comment_status":"closed","ping_status":"closed","sticky":false,"template":"","format":"standard","meta":{"_acf_changed":false,"footnotes":""},"categories":[161],"tags":[],"class_list":["post-17237","post","type-post","status-publish","format-standard","has-post-thumbnail","hentry","category-comunicado-a-imprensa"],"acf":[],"_links":{"self":[{"href":"https:\/\/fpsct.org\/pt-br\/wp-json\/wp\/v2\/posts\/17237","targetHints":{"allow":["GET"]}}],"collection":[{"href":"https:\/\/fpsct.org\/pt-br\/wp-json\/wp\/v2\/posts"}],"about":[{"href":"https:\/\/fpsct.org\/pt-br\/wp-json\/wp\/v2\/types\/post"}],"author":[{"embeddable":true,"href":"https:\/\/fpsct.org\/pt-br\/wp-json\/wp\/v2\/users\/1"}],"replies":[{"embeddable":true,"href":"https:\/\/fpsct.org\/pt-br\/wp-json\/wp\/v2\/comments?post=17237"}],"version-history":[{"count":0,"href":"https:\/\/fpsct.org\/pt-br\/wp-json\/wp\/v2\/posts\/17237\/revisions"}],"wp:featuredmedia":[{"embeddable":true,"href":"https:\/\/fpsct.org\/pt-br\/wp-json\/wp\/v2\/media\/7462"}],"wp:attachment":[{"href":"https:\/\/fpsct.org\/pt-br\/wp-json\/wp\/v2\/media?parent=17237"}],"wp:term":[{"taxonomy":"category","embeddable":true,"href":"https:\/\/fpsct.org\/pt-br\/wp-json\/wp\/v2\/categories?post=17237"},{"taxonomy":"post_tag","embeddable":true,"href":"https:\/\/fpsct.org\/pt-br\/wp-json\/wp\/v2\/tags?post=17237"}],"curies":[{"name":"wp","href":"https:\/\/api.w.org\/{rel}","templated":true}]}}