
{"id":20023,"date":"2024-03-20T14:55:07","date_gmt":"2024-03-20T18:55:07","guid":{"rendered":"https:\/\/fpsct.org\/iar-music-students-as-empowered-learners-polnocny-regionalny-festiwal-muzyczny\/"},"modified":"2024-06-24T13:04:52","modified_gmt":"2024-06-24T17:04:52","slug":"iar-music-students-as-empowered-learners-polnocny-regionalny-festiwal-muzyczny","status":"publish","type":"post","link":"https:\/\/fpsct.org\/pl\/iar-music-students-as-empowered-learners-polnocny-regionalny-festiwal-muzyczny\/","title":{"rendered":"IAR Music Students as Empowered Learners P\u00f3\u0142nocny Regionalny Festiwal Muzyczny"},"content":{"rendered":"\t\t<div data-elementor-type=\"wp-post\" data-elementor-id=\"20023\" class=\"elementor elementor-20023 elementor-3076\" data-elementor-post-type=\"post\">\n\t\t\t\t\t\t\t\t\t<section data-particle_enable=\"false\" data-particle-mobile-disabled=\"false\" class=\"elementor-section elementor-top-section elementor-element elementor-element-d6f842d elementor-section-boxed elementor-section-height-default elementor-section-height-default\" data-id=\"d6f842d\" data-element_type=\"section\">\n\t\t\t\t\t\t<div class=\"elementor-container elementor-column-gap-default\">\n\t\t\t\t\t<div class=\"elementor-column elementor-col-100 elementor-top-column elementor-element elementor-element-69bc4b11\" data-id=\"69bc4b11\" data-element_type=\"column\">\n\t\t\t<div class=\"elementor-widget-wrap elementor-element-populated\">\n\t\t\t\t\t\t\t\t<div class=\"elementor-element elementor-element-4d8f1e4 elementor-widget elementor-widget-text-editor\" data-id=\"4d8f1e4\" data-element_type=\"widget\" data-widget_type=\"text-editor.default\">\n\t\t\t\t<div class=\"elementor-widget-container\">\n\t\t\t<style>\/*! elementor - v3.17.0 - 08-11-2023 *\/\n.elementor-widget-text-editor.elementor-drop-cap-view-stacked .elementor-drop-cap{background-color:#69727d;color:#fff}.elementor-widget-text-editor.elementor-drop-cap-view-framed .elementor-drop-cap{color:#69727d;border:3px solid;background-color:transparent}.elementor-widget-text-editor:not(.elementor-drop-cap-view-default) .elementor-drop-cap{margin-top:8px}.elementor-widget-text-editor:not(.elementor-drop-cap-view-default) .elementor-drop-cap-letter{width:1em;height:1em}.elementor-widget-text-editor .elementor-drop-cap{float:left;text-align:center;line-height:1;font-size:50px}.elementor-widget-text-editor .elementor-drop-cap-letter{display:inline-block}<\/style>\t\t\t\t<p><br><\/p>\n<p><\/p>\n<p><span style=\"font-weight: 400;\">9 grudnia osiemdziesi\u0119ciu pi\u0119ciu (85) uczni\u00f3w z Irving A. Robbins wzi\u0119\u0142o udzia\u0142 w przes\u0142uchaniach do 2023-2024 Connecticut Music Educators Association (CMEA) Northern Regional Festival w King Philip Middle School w West Hartford, CT. Uczniowie musieli wykona\u0107 skale, przygotowa\u0107 piosenk\u0119 i zademonstrowa\u0107 umiej\u0119tno\u015b\u0107 czytania fragmentu nieznanej muzyki w czasie poni\u017cej minuty dla pary s\u0119dzi\u00f3w. W trakcie procesu przygotowawczego uczniowie samodzielnie \u0107wiczyli w domu, korzystaj\u0105c z nagra\u0144 i kryteri\u00f3w zamieszczonych na stronie internetowej CMEA. Wsp\u00f3\u0142pracowali z nauczycielami muzyki podczas lekcji, aby zbada\u0107 kryteria rubryki i wyznaczy\u0107 cele \u0107wicze\u0144, bior\u0105c pod uwag\u0119 samoocen\u0119 ich post\u0119p\u00f3w i informacje zwrotne od nauczycieli. Studenci otrzymali ocen\u0119 rubryczn\u0105 ze szczeg\u00f3\u0142owymi informacjami zwrotnymi od s\u0119dzi\u00f3w na temat ich techniki i demonstracji umiej\u0119tno\u015bci muzycznych. Nauczyciele muzyki i administratorzy IAR s\u0105 dumni ze wszystkich osiemdziesi\u0119ciu pi\u0119ciu uczni\u00f3w (85) za ich odporno\u015b\u0107 i zaanga\u017cowanie w przygotowanie si\u0119 do przes\u0142uchania.&nbsp;<\/span><\/p>\n<p><\/p>\n<p><span style=\"font-weight: 400;\">Pi\u0119\u0107dziesi\u0119ciu dw\u00f3ch (52) uczni\u00f3w zakwalifikowa\u0142o si\u0119 do udzia\u0142u w Northern Regionals Middle School Festival w dniach 8 i 9 marca 2024 r. w Plainville High School.&nbsp;<\/span><\/p>\n<p><b>&nbsp;<\/b><\/p>\n<p><b>Zesp\u00f3\u0142<\/b><\/p>\n<p><span style=\"font-weight: 400;\">Wesley Dufort (saksofon altowy)<\/span><\/p>\n<p><span style=\"font-weight: 400;\">Aniket Menon (saksofon altowy)<\/span><\/p>\n<p><span style=\"font-weight: 400;\">Jason Mok (saksofon altowy)<\/span><\/p>\n<p><span style=\"font-weight: 400;\">Reese Bishop (saksofon barytonowy)<\/span><\/p>\n<p><span style=\"font-weight: 400;\">Sofia Akhmedov (klarnet basowy)<\/span><\/p>\n<p><span style=\"font-weight: 400;\">Aman Arun (klarnet Bb)<\/span><\/p>\n<p><span style=\"font-weight: 400;\">Devarajan Balaji (klarnet Bb)<\/span><\/p>\n<p><span style=\"font-weight: 400;\">Jacob Lee (klarnet basowy)<\/span><\/p>\n<p><span style=\"font-weight: 400;\">Shrimeghna Madhugundu (flet)<\/span><\/p>\n<p><span style=\"font-weight: 400;\">Ethan Ning (flet)<\/span><\/p>\n<p><span style=\"font-weight: 400;\">Mackenzie Fenton (ob\u00f3j)<\/span><\/p>\n<p><span style=\"font-weight: 400;\">David Gorgy (ob\u00f3j)<\/span><\/p>\n<p><b>Jazz Band:<\/b><span style=\"font-weight: 400;\"> Acadian Eliot-Wild (Jazz Tromb)&nbsp;<\/span><\/p>\n<p><b>&nbsp;<\/b><\/p>\n<p><b>Ch\u00f3r<\/b><\/p>\n<p><span style=\"font-weight: 400;\">Aarav Arora (Alto)<\/span><\/p>\n<p><span style=\"font-weight: 400;\">April Ge (Alto)<\/span><\/p>\n<p><span style=\"font-weight: 400;\">Samantha Hollyoak (alt)<\/span><\/p>\n<p><span style=\"font-weight: 400;\">Evie Kaliney (alt)<\/span><\/p>\n<p><span style=\"font-weight: 400;\">Jia Kapadia (alt)<\/span><\/p>\n<p><span style=\"font-weight: 400;\">Shaurya Kaushik (alt)<\/span><\/p>\n<p><span style=\"font-weight: 400;\">Tilly Kelly (alt)<\/span><\/p>\n<p><span style=\"font-weight: 400;\">Anna Lyons (alt)<\/span><\/p>\n<p><span style=\"font-weight: 400;\">Rohan Nair (Alto)<\/span><\/p>\n<p><span style=\"font-weight: 400;\">Navya Padalia (alt)<\/span><\/p>\n<p><span style=\"font-weight: 400;\">Annika Paul (alt)<\/span><\/p>\n<p><span style=\"font-weight: 400;\">Chenmiao Qiu (alt)<\/span><\/p>\n<p><span style=\"font-weight: 400;\">Raika Sarkar (alt)<\/span><\/p>\n<p><span style=\"font-weight: 400;\">Raaga Satyavarapu (Alto)<\/span><\/p>\n<p><span style=\"font-weight: 400;\">Tejaswi Sirikonda (alt)<\/span><\/p>\n<p><span style=\"font-weight: 400;\">Shashank Sreenivas (Alto)<\/span><\/p>\n<p><span style=\"font-weight: 400;\">Ella Cordeiro (sopran)<\/span><\/p>\n<p><span style=\"font-weight: 400;\">Chloe Giesing (sopran)<\/span><\/p>\n<p><span style=\"font-weight: 400;\">Mara Grocki (sopran)<\/span><\/p>\n<p><span style=\"font-weight: 400;\">Fatimah Hoque (sopran)<\/span><\/p>\n<p><\/p>\n<p><b>&nbsp;<\/b><\/p>\n<p><b>Orkiestra<\/b><\/p>\n<p><span style=\"font-weight: 400;\">Xavier Behrens (klarnet basowy)<\/span><\/p>\n<p><span style=\"font-weight: 400;\">Talya Hadari (wiolonczela)<\/span><\/p>\n<p><span style=\"font-weight: 400;\">Evelyn Jung (wiolonczela)<\/span><\/p>\n<p><span style=\"font-weight: 400;\">Arjun Mishra (wiolonczela)<\/span><\/p>\n<p><span style=\"font-weight: 400;\">Will Paul (wiolonczela)<\/span><\/p>\n<p><span style=\"font-weight: 400;\">Gabriel Anyimadu (kontrabas)<\/span><\/p>\n<p><span style=\"font-weight: 400;\">Favour Adekola (waltornia)<\/span><\/p>\n<p><span style=\"font-weight: 400;\">Liam Dauphinais (alt\u00f3wka)<\/span><\/p>\n<p><span style=\"font-weight: 400;\">Yunhan Gao (alt\u00f3wka)<\/span><\/p>\n<p><span style=\"font-weight: 400;\">Ethan Liu (Viola)<\/span><\/p>\n<p><span style=\"font-weight: 400;\">Sophia Cao (skrzypce)<\/span><\/p>\n<p><span style=\"font-weight: 400;\">Seth Kalansuriya (skrzypce)<\/span><\/p>\n<p><span style=\"font-weight: 400;\">Emma Koh (skrzypce)<\/span><\/p>\n<p><span style=\"font-weight: 400;\">Jamie Lee (skrzypce)<\/span><\/p>\n<p><span style=\"font-weight: 400;\">Louis Lin (skrzypce)<\/span><\/p>\n<p><span style=\"font-weight: 400;\">Jingtong Liu (skrzypce)<\/span><\/p>\n<p><span style=\"font-weight: 400;\">Sukriti Malepati (skrzypce)<\/span><\/p>\n<p><span style=\"font-weight: 400;\">Isabella Rios (skrzypce)<\/span><\/p>\n<p><span style=\"font-weight: 400;\">Steven Sadlowski (skrzypce)<\/span><\/p>\n<p><\/p>\t\t\t\t\t\t<\/div>\n\t\t\t\t<\/div>\n\t\t\t\t\t<\/div>\n\t\t<\/div>\n\t\t\t\t\t\t\t<\/div>\n\t\t<\/section>\n\t\t\t\t\t\t\t<\/div>\n\t\t","protected":false},"excerpt":{"rendered":"<p>9 grudnia osiemdziesi\u0119ciu pi\u0119ciu (85) uczni\u00f3w z Irving A. Robbins wzi\u0119\u0142o udzia\u0142 w przes\u0142uchaniach do 2023-2024 Connecticut Music Educators Association (CMEA) Northern Regional Festival w King Philip Middle School w West Hartford, CT. Uczniowie musieli wykona\u0107 skale, przygotowa\u0107 piosenk\u0119 i zademonstrowa\u0107 umiej\u0119tno\u015b\u0107 czytania fragmentu nieznanej muzyki w czasie poni\u017cej minuty dla pary s\u0119dzi\u00f3w. W trakcie [&hellip;]<\/p>\n","protected":false},"author":3,"featured_media":12117,"comment_status":"closed","ping_status":"closed","sticky":false,"template":"","format":"standard","meta":{"_acf_changed":false,"footnotes":""},"categories":[193],"tags":[],"class_list":["post-20023","post","type-post","status-publish","format-standard","has-post-thumbnail","hentry","category-aktualizacja-dotyczaca-zaangazowanego-uczenia-sie"],"acf":[],"_links":{"self":[{"href":"https:\/\/fpsct.org\/pl\/wp-json\/wp\/v2\/posts\/20023","targetHints":{"allow":["GET"]}}],"collection":[{"href":"https:\/\/fpsct.org\/pl\/wp-json\/wp\/v2\/posts"}],"about":[{"href":"https:\/\/fpsct.org\/pl\/wp-json\/wp\/v2\/types\/post"}],"author":[{"embeddable":true,"href":"https:\/\/fpsct.org\/pl\/wp-json\/wp\/v2\/users\/3"}],"replies":[{"embeddable":true,"href":"https:\/\/fpsct.org\/pl\/wp-json\/wp\/v2\/comments?post=20023"}],"version-history":[{"count":0,"href":"https:\/\/fpsct.org\/pl\/wp-json\/wp\/v2\/posts\/20023\/revisions"}],"wp:featuredmedia":[{"embeddable":true,"href":"https:\/\/fpsct.org\/pl\/wp-json\/wp\/v2\/media\/12117"}],"wp:attachment":[{"href":"https:\/\/fpsct.org\/pl\/wp-json\/wp\/v2\/media?parent=20023"}],"wp:term":[{"taxonomy":"category","embeddable":true,"href":"https:\/\/fpsct.org\/pl\/wp-json\/wp\/v2\/categories?post=20023"},{"taxonomy":"post_tag","embeddable":true,"href":"https:\/\/fpsct.org\/pl\/wp-json\/wp\/v2\/tags?post=20023"}],"curies":[{"name":"wp","href":"https:\/\/api.w.org\/{rel}","templated":true}]}}