
{"id":17411,"date":"2023-07-21T17:05:00","date_gmt":"2023-07-21T21:05:00","guid":{"rendered":"https:\/\/fpsct.org\/letni-oboz-fcp\/"},"modified":"2024-06-24T12:39:14","modified_gmt":"2024-06-24T16:39:14","slug":"letni-oboz-fcp","status":"publish","type":"post","link":"https:\/\/fpsct.org\/pl\/letni-oboz-fcp\/","title":{"rendered":"Letni ob\u00f3z FCP"},"content":{"rendered":"\n<p>Nasze przedszkolaki mia\u0142y wspania\u0142e lato, dostosowuj\u0105c si\u0119 do zmian z odporno\u015bci\u0105. Ka\u017cdego tygodnia nasi uczniowie anga\u017cuj\u0105 si\u0119 w nowe tematy i dzia\u0142ania. Nasi uczniowie mieli okazj\u0119 wsp\u00f3\u0142pracowa\u0107 z r\u00f3\u017cnymi uczniami nie tylko ze swoich szk\u00f3\u0142, ale tak\u017ce z innych szk\u00f3\u0142 w okr\u0119gu. Ka\u017cda osobowo\u015b\u0107 ucznia, kt\u00f3ry wchodzi do naszej klasy, pozwala mu wzi\u0105\u0107 udzia\u0142 w procesie podejmowania decyzji i rozwi\u0105zywania konflikt\u00f3w.<\/p>\n\n<p>W czasie zaj\u0119\u0107 w centrum przedszkolaki s\u0105 zaanga\u017cowanymi wsp\u00f3\u0142pracownikami. Wsp\u00f3\u0142pracuj\u0105 ze sob\u0105 przy wykonywaniu zada\u0144 i s\u0105 elastyczni w przyjmowaniu pomys\u0142\u00f3w od innych. Wszystkie te praktyczne do\u015bwiadczenia pozwalaj\u0105 im by\u0107 liderem we w\u0142asnej nauce.<\/p>\n\n<p>Mieli\u015bmy przyjemno\u015b\u0107 wsp\u00f3\u0142pracowa\u0107 z nasz\u0105 spo\u0142eczno\u015bci\u0105 i chodzi\u0107 do biblioteki Barney, aby uczestniczy\u0107 w czasie bibliotecznym z pani\u0105 Amy! Anga\u017cujemy rodziny, kt\u00f3re przychodz\u0105 do nas, aby by\u0107 tajemniczymi czytelnikami w naszej klasie. W cieplejsze dni lata nasi uczniowie uczestnicz\u0105 w zabawach w wodzie i grach gimnastycznych, kt\u00f3re pomagaj\u0105 rozwija\u0107 motoryk\u0119 du\u017c\u0105. Przez ca\u0142e lato b\u0119dziemy rozwija\u0107 ich umiej\u0119tno\u015bci uczenia si\u0119, samopomocy i akceptacji siebie i innych!<\/p>\n","protected":false},"excerpt":{"rendered":"<p>Nasze przedszkolaki mia\u0142y wspania\u0142e lato, dostosowuj\u0105c si\u0119 do zmian z odporno\u015bci\u0105. Ka\u017cdego tygodnia nasi uczniowie anga\u017cuj\u0105 si\u0119 w nowe tematy i dzia\u0142ania. Nasi uczniowie mieli okazj\u0119 wsp\u00f3\u0142pracowa\u0107 z r\u00f3\u017cnymi uczniami nie tylko ze swoich szk\u00f3\u0142, ale tak\u017ce z innych szk\u00f3\u0142 w okr\u0119gu. Ka\u017cda osobowo\u015b\u0107 ucznia, kt\u00f3ry wchodzi do naszej klasy, pozwala mu wzi\u0105\u0107 udzia\u0142 w [&hellip;]<\/p>\n","protected":false},"author":1,"featured_media":8933,"comment_status":"closed","ping_status":"closed","sticky":false,"template":"","format":"standard","meta":{"_acf_changed":false,"footnotes":""},"categories":[96],"tags":[],"class_list":["post-17411","post","type-post","status-publish","format-standard","has-post-thumbnail","hentry","category-bez-kategorii"],"acf":[],"_links":{"self":[{"href":"https:\/\/fpsct.org\/pl\/wp-json\/wp\/v2\/posts\/17411","targetHints":{"allow":["GET"]}}],"collection":[{"href":"https:\/\/fpsct.org\/pl\/wp-json\/wp\/v2\/posts"}],"about":[{"href":"https:\/\/fpsct.org\/pl\/wp-json\/wp\/v2\/types\/post"}],"author":[{"embeddable":true,"href":"https:\/\/fpsct.org\/pl\/wp-json\/wp\/v2\/users\/1"}],"replies":[{"embeddable":true,"href":"https:\/\/fpsct.org\/pl\/wp-json\/wp\/v2\/comments?post=17411"}],"version-history":[{"count":0,"href":"https:\/\/fpsct.org\/pl\/wp-json\/wp\/v2\/posts\/17411\/revisions"}],"wp:featuredmedia":[{"embeddable":true,"href":"https:\/\/fpsct.org\/pl\/wp-json\/wp\/v2\/media\/8933"}],"wp:attachment":[{"href":"https:\/\/fpsct.org\/pl\/wp-json\/wp\/v2\/media?parent=17411"}],"wp:term":[{"taxonomy":"category","embeddable":true,"href":"https:\/\/fpsct.org\/pl\/wp-json\/wp\/v2\/categories?post=17411"},{"taxonomy":"post_tag","embeddable":true,"href":"https:\/\/fpsct.org\/pl\/wp-json\/wp\/v2\/tags?post=17411"}],"curies":[{"name":"wp","href":"https:\/\/api.w.org\/{rel}","templated":true}]}}