
{"id":17410,"date":"2023-07-21T17:05:00","date_gmt":"2023-07-21T21:05:00","guid":{"rendered":"https:\/\/fpsct.org\/fcp-ljetni-kamp\/"},"modified":"2024-06-24T12:39:14","modified_gmt":"2024-06-24T16:39:14","slug":"fcp-ljetni-kamp","status":"publish","type":"post","link":"https:\/\/fpsct.org\/hr\/fcp-ljetni-kamp\/","title":{"rendered":"FCP ljetni kamp"},"content":{"rendered":"\n<p>Na\u0161i su pred\u0161kolci imali sjajno ljeto prilago\u0111avaju\u0107i se promjenama s otporno\u0161\u0107u. Svaki tjedan na\u0161i u\u010denici se bave novim temama i aktivnostima. Na\u0161i su u\u010denici imali priliku raditi s razli\u010ditim u\u010denicima ne samo iz svojih \u0161kola nego i iz drugih \u0161kola u okrugu. Svaka osobnost u\u010denika koji u\u0111e u na\u0161u u\u010dionicu omogu\u0107uje mu sudjelovanje u procesu dono\u0161enja odluka i rje\u0161avanja sukoba.<\/p>\n\n<p>Tijekom boravka u centru pred\u0161kolci su anga\u017eirani suradnici. Oni rade zajedno kako bi dovr\u0161ili zadatke i fleksibilni su u preuzimanju ideja od drugih. Sva ta prakti\u010dna iskustva omogu\u0107uju im da budu lideri u vlastitom u\u010denju.<\/p>\n\n<p>Bilo nam je zadovoljstvo sura\u0111ivati \u200b\u200bs na\u0161om zajednicom i pro\u0161etati do knji\u017enice Barney kako bismo sudjelovali u knji\u017eni\u010dnom vremenu s gospo\u0111om Amy! Obitelji se uklju\u010duju tako \u0161to dolaze kao \u010dita\u010di misterija u na\u0161oj u\u010dionici. Tijekom toplijih ljetnih dana, vidjet \u0107ete na\u0161e u\u010denike kako sudjeluju u aktivnostima igranja u vodi i igrama u teretani kako bi pomogli u razvoju grubih motori\u010dkih sposobnosti. Nastavit \u0107emo razvijati njihove sposobnosti u\u010denja, vje\u0161tine samopomo\u0107i i prihva\u0107anje sebe i drugih tijekom ljeta!<\/p>\n","protected":false},"excerpt":{"rendered":"<p>Na\u0161i su pred\u0161kolci imali sjajno ljeto prilago\u0111avaju\u0107i se promjenama s otporno\u0161\u0107u. Svaki tjedan na\u0161i u\u010denici se bave novim temama i aktivnostima. Na\u0161i su u\u010denici imali priliku raditi s razli\u010ditim u\u010denicima ne samo iz svojih \u0161kola nego i iz drugih \u0161kola u okrugu. Svaka osobnost u\u010denika koji u\u0111e u na\u0161u u\u010dionicu omogu\u0107uje mu sudjelovanje u procesu [&hellip;]<\/p>\n","protected":false},"author":1,"featured_media":8928,"comment_status":"closed","ping_status":"closed","sticky":false,"template":"","format":"standard","meta":{"_acf_changed":false,"footnotes":""},"categories":[89],"tags":[],"class_list":["post-17410","post","type-post","status-publish","format-standard","has-post-thumbnail","hentry","category-uncategorized-hr"],"acf":[],"_links":{"self":[{"href":"https:\/\/fpsct.org\/hr\/wp-json\/wp\/v2\/posts\/17410","targetHints":{"allow":["GET"]}}],"collection":[{"href":"https:\/\/fpsct.org\/hr\/wp-json\/wp\/v2\/posts"}],"about":[{"href":"https:\/\/fpsct.org\/hr\/wp-json\/wp\/v2\/types\/post"}],"author":[{"embeddable":true,"href":"https:\/\/fpsct.org\/hr\/wp-json\/wp\/v2\/users\/1"}],"replies":[{"embeddable":true,"href":"https:\/\/fpsct.org\/hr\/wp-json\/wp\/v2\/comments?post=17410"}],"version-history":[{"count":0,"href":"https:\/\/fpsct.org\/hr\/wp-json\/wp\/v2\/posts\/17410\/revisions"}],"wp:featuredmedia":[{"embeddable":true,"href":"https:\/\/fpsct.org\/hr\/wp-json\/wp\/v2\/media\/8928"}],"wp:attachment":[{"href":"https:\/\/fpsct.org\/hr\/wp-json\/wp\/v2\/media?parent=17410"}],"wp:term":[{"taxonomy":"category","embeddable":true,"href":"https:\/\/fpsct.org\/hr\/wp-json\/wp\/v2\/categories?post=17410"},{"taxonomy":"post_tag","embeddable":true,"href":"https:\/\/fpsct.org\/hr\/wp-json\/wp\/v2\/tags?post=17410"}],"curies":[{"name":"wp","href":"https:\/\/api.w.org\/{rel}","templated":true}]}}