
{"id":20034,"date":"2024-03-20T14:55:07","date_gmt":"2024-03-20T18:55:07","guid":{"rendered":"https:\/\/fpsct.org\/iar-los-estudiantes-de-musica-como-aprendices-capacitados-festival-regional-de-musica-del-norte\/"},"modified":"2024-06-24T13:04:58","modified_gmt":"2024-06-24T17:04:58","slug":"iar-los-estudiantes-de-musica-como-aprendices-capacitados-festival-regional-de-musica-del-norte","status":"publish","type":"post","link":"https:\/\/fpsct.org\/es\/iar-los-estudiantes-de-musica-como-aprendices-capacitados-festival-regional-de-musica-del-norte\/","title":{"rendered":"IAR Los estudiantes de m\u00fasica como aprendices capacitados Festival Regional de M\u00fasica del Norte"},"content":{"rendered":"\t\t<div data-elementor-type=\"wp-post\" data-elementor-id=\"20034\" class=\"elementor elementor-20034 elementor-3076\" data-elementor-post-type=\"post\">\n\t\t\t\t\t\t\t\t\t<section data-particle_enable=\"false\" data-particle-mobile-disabled=\"false\" class=\"elementor-section elementor-top-section elementor-element elementor-element-d6f842d elementor-section-boxed elementor-section-height-default elementor-section-height-default\" data-id=\"d6f842d\" data-element_type=\"section\">\n\t\t\t\t\t\t<div class=\"elementor-container elementor-column-gap-default\">\n\t\t\t\t\t<div class=\"elementor-column elementor-col-100 elementor-top-column elementor-element elementor-element-69bc4b11\" data-id=\"69bc4b11\" data-element_type=\"column\">\n\t\t\t<div class=\"elementor-widget-wrap elementor-element-populated\">\n\t\t\t\t\t\t\t\t<div class=\"elementor-element elementor-element-4d8f1e4 elementor-widget elementor-widget-text-editor\" data-id=\"4d8f1e4\" data-element_type=\"widget\" data-widget_type=\"text-editor.default\">\n\t\t\t\t<div class=\"elementor-widget-container\">\n\t\t\t<style>\/*! elementor - v3.17.0 - 08-11-2023 *\/\n.elementor-widget-text-editor.elementor-drop-cap-view-stacked .elementor-drop-cap{background-color:#69727d;color:#fff}.elementor-widget-text-editor.elementor-drop-cap-view-framed .elementor-drop-cap{color:#69727d;border:3px solid;background-color:transparent}.elementor-widget-text-editor:not(.elementor-drop-cap-view-default) .elementor-drop-cap{margin-top:8px}.elementor-widget-text-editor:not(.elementor-drop-cap-view-default) .elementor-drop-cap-letter{width:1em;height:1em}.elementor-widget-text-editor .elementor-drop-cap{float:left;text-align:center;line-height:1;font-size:50px}.elementor-widget-text-editor .elementor-drop-cap-letter{display:inline-block}<\/style>\t\t\t\t<p><br><\/p>\n<p><\/p>\n<p><span style=\"font-weight: 400;\">El 9 de diciembre, ochenta y cinco (85) estudiantes de m\u00fasica de Irving A. Robbins participaron en las audiciones del Festival Regional del Norte 2023-2024 de la Asociaci\u00f3n de Educadores de M\u00fasica de Connecticut (CMEA) en la escuela King Philip Middle School de West Hartford, CT. Los alumnos deb\u00edan interpretar escalas, preparar una canci\u00f3n y demostrar su capacidad para leer a primera vista un pasaje de m\u00fasica desconocida en menos de un minuto ante un par de jueces. A lo largo del proceso de preparaci\u00f3n, los alumnos practicaron en casa de forma independiente utilizando las grabaciones y los criterios proporcionados en el sitio web de la CMEA. Trabajaron con los profesores de m\u00fasica durante las clases para explorar los criterios de las r\u00fabricas y fijar objetivos para la pr\u00e1ctica, teniendo en cuenta la autoevaluaci\u00f3n de sus progresos y los comentarios de los profesores. Los alumnos recibieron una r\u00fabrica calificada con comentarios detallados de los jueces sobre su t\u00e9cnica y su demostraci\u00f3n de conocimientos musicales. Los profesores de m\u00fasica y los administradores de la IAR est\u00e1n orgullosos de los ochenta y cinco alumnos (85) por su resistencia y agencia en la preparaci\u00f3n de la audici\u00f3n.&nbsp;<\/span><\/p>\n<p><\/p>\n<p><span style=\"font-weight: 400;\">Cincuenta y dos (52) alumnos se clasificaron para participar en el Festival de Escuelas Medias de las Regionales del Norte, los d\u00edas 8 y 9 de marzo de 2024, en la Escuela Secundaria de Plainville.&nbsp;<\/span><\/p>\n<p><b>&nbsp;<\/b><\/p>\n<p><b>Banda<\/b><\/p>\n<p><span style=\"font-weight: 400;\">Wesley Dufort (saxo alto)<\/span><\/p>\n<p><span style=\"font-weight: 400;\">Aniket Menon (saxo alto)<\/span><\/p>\n<p><span style=\"font-weight: 400;\">Jason Mok (saxo alto)<\/span><\/p>\n<p><span style=\"font-weight: 400;\">Reese Bishop (Saxo Bar\u00edtono)<\/span><\/p>\n<p><span style=\"font-weight: 400;\">Sofia Akhmedov (Clarinete en Sib)<\/span><\/p>\n<p><span style=\"font-weight: 400;\">Aman Arun (clarinete en Sib)<\/span><\/p>\n<p><span style=\"font-weight: 400;\">Devarajan Balaji (Clarinete en Sib)<\/span><\/p>\n<p><span style=\"font-weight: 400;\">Jacob Lee (Clarinete Sib)<\/span><\/p>\n<p><span style=\"font-weight: 400;\">Shrimeghna Madhugundu (Flauta)<\/span><\/p>\n<p><span style=\"font-weight: 400;\">Ethan Ning (Flauta)<\/span><\/p>\n<p><span style=\"font-weight: 400;\">Mackenzie Fenton (Oboe)<\/span><\/p>\n<p><span style=\"font-weight: 400;\">David Gorgy (Oboe)<\/span><\/p>\n<p><b>Banda de Jazz:<\/b><span style=\"font-weight: 400;\"> Acadian Eliot-Wild (Tromb Jazz)&nbsp;<\/span><\/p>\n<p><b>&nbsp;<\/b><\/p>\n<p><b>Coro<\/b><\/p>\n<p><span style=\"font-weight: 400;\">Aarav Arora (Alto)<\/span><\/p>\n<p><span style=\"font-weight: 400;\">April Ge (Alto)<\/span><\/p>\n<p><span style=\"font-weight: 400;\">Samantha Hollyoak (Alto)<\/span><\/p>\n<p><span style=\"font-weight: 400;\">Evie Kaliney (Alto)<\/span><\/p>\n<p><span style=\"font-weight: 400;\">Jia Kapadia (Alto)<\/span><\/p>\n<p><span style=\"font-weight: 400;\">Shaurya Kaushik (Alto)<\/span><\/p>\n<p><span style=\"font-weight: 400;\">Tilly Kelly (Alto)<\/span><\/p>\n<p><span style=\"font-weight: 400;\">Anna Lyons (Alto)<\/span><\/p>\n<p><span style=\"font-weight: 400;\">Rohan Nair (Alto)<\/span><\/p>\n<p><span style=\"font-weight: 400;\">Navya Padalia (Alto)<\/span><\/p>\n<p><span style=\"font-weight: 400;\">Annika Paul (Alto)<\/span><\/p>\n<p><span style=\"font-weight: 400;\">Chenmiao Qiu (Alto)<\/span><\/p>\n<p><span style=\"font-weight: 400;\">Raika Sarkar (Alto)<\/span><\/p>\n<p><span style=\"font-weight: 400;\">Raaga Satyavarapu (Alto)<\/span><\/p>\n<p><span style=\"font-weight: 400;\">Tejaswi Sirikonda (Alto)<\/span><\/p>\n<p><span style=\"font-weight: 400;\">Shashank Sreenivas (Alto)<\/span><\/p>\n<p><span style=\"font-weight: 400;\">Ella Cordeiro (Soprano)<\/span><\/p>\n<p><span style=\"font-weight: 400;\">Chloe Giesing (Soprano)<\/span><\/p>\n<p><span style=\"font-weight: 400;\">Mara Grocki (Soprano)<\/span><\/p>\n<p><span style=\"font-weight: 400;\">Fatimah Hoque (Soprano)<\/span><\/p>\n<p><\/p>\n<p><b>&nbsp;<\/b><\/p>\n<p><b>Orquesta<\/b><\/p>\n<p><span style=\"font-weight: 400;\">Xavier Behrens (Clarinete bajo)<\/span><\/p>\n<p><span style=\"font-weight: 400;\">Talya Hadari (Violonchelo)<\/span><\/p>\n<p><span style=\"font-weight: 400;\">Evelyn Jung (Violonchelo)<\/span><\/p>\n<p><span style=\"font-weight: 400;\">Arjun Mishra (Violonchelo)<\/span><\/p>\n<p><span style=\"font-weight: 400;\">Will Paul (Violonchelo)<\/span><\/p>\n<p><span style=\"font-weight: 400;\">Gabriel Anyimadu (Contrabajo)<\/span><\/p>\n<p><span style=\"font-weight: 400;\">Favour Adekola (trompa)<\/span><\/p>\n<p><span style=\"font-weight: 400;\">Liam Dauphinais (Viola)<\/span><\/p>\n<p><span style=\"font-weight: 400;\">Yunhan Gao (Viola)<\/span><\/p>\n<p><span style=\"font-weight: 400;\">Ethan Liu (Viola)<\/span><\/p>\n<p><span style=\"font-weight: 400;\">Sophia Cao (Viol\u00edn)<\/span><\/p>\n<p><span style=\"font-weight: 400;\">Seth Kalansuriya (Viol\u00edn)<\/span><\/p>\n<p><span style=\"font-weight: 400;\">Emma Koh (Viol\u00edn)<\/span><\/p>\n<p><span style=\"font-weight: 400;\">Jamie Lee (Viol\u00edn)<\/span><\/p>\n<p><span style=\"font-weight: 400;\">Louis Lin (Viol\u00edn)<\/span><\/p>\n<p><span style=\"font-weight: 400;\">Jingtong Liu (Viol\u00edn)<\/span><\/p>\n<p><span style=\"font-weight: 400;\">Sukriti Malepati (Viol\u00edn)<\/span><\/p>\n<p><span style=\"font-weight: 400;\">Isabella Rios (Viol\u00edn)<\/span><\/p>\n<p><span style=\"font-weight: 400;\">Steven Sadlowski (Viol\u00edn)<\/span><\/p>\n<p><\/p>\t\t\t\t\t\t<\/div>\n\t\t\t\t<\/div>\n\t\t\t\t\t<\/div>\n\t\t<\/div>\n\t\t\t\t\t\t\t<\/div>\n\t\t<\/section>\n\t\t\t\t\t\t\t<\/div>\n\t\t","protected":false},"excerpt":{"rendered":"<p>El 9 de diciembre, ochenta y cinco (85) estudiantes de m\u00fasica de Irving A. Robbins participaron en las audiciones del Festival Regional del Norte 2023-2024 de la Asociaci\u00f3n de Educadores de M\u00fasica de Connecticut (CMEA) en la escuela King Philip Middle School de West Hartford, CT. Los alumnos deb\u00edan interpretar escalas, preparar una canci\u00f3n y [&hellip;]<\/p>\n","protected":false},"author":3,"featured_media":12122,"comment_status":"closed","ping_status":"closed","sticky":false,"template":"","format":"standard","meta":{"_acf_changed":false,"footnotes":""},"categories":[195],"tags":[],"class_list":["post-20034","post","type-post","status-publish","format-standard","has-post-thumbnail","hentry","category-actualizacion-sobre-el-aprendizaje-participativo"],"acf":[],"_links":{"self":[{"href":"https:\/\/fpsct.org\/es\/wp-json\/wp\/v2\/posts\/20034","targetHints":{"allow":["GET"]}}],"collection":[{"href":"https:\/\/fpsct.org\/es\/wp-json\/wp\/v2\/posts"}],"about":[{"href":"https:\/\/fpsct.org\/es\/wp-json\/wp\/v2\/types\/post"}],"author":[{"embeddable":true,"href":"https:\/\/fpsct.org\/es\/wp-json\/wp\/v2\/users\/3"}],"replies":[{"embeddable":true,"href":"https:\/\/fpsct.org\/es\/wp-json\/wp\/v2\/comments?post=20034"}],"version-history":[{"count":0,"href":"https:\/\/fpsct.org\/es\/wp-json\/wp\/v2\/posts\/20034\/revisions"}],"wp:featuredmedia":[{"embeddable":true,"href":"https:\/\/fpsct.org\/es\/wp-json\/wp\/v2\/media\/12122"}],"wp:attachment":[{"href":"https:\/\/fpsct.org\/es\/wp-json\/wp\/v2\/media?parent=20034"}],"wp:term":[{"taxonomy":"category","embeddable":true,"href":"https:\/\/fpsct.org\/es\/wp-json\/wp\/v2\/categories?post=20034"},{"taxonomy":"post_tag","embeddable":true,"href":"https:\/\/fpsct.org\/es\/wp-json\/wp\/v2\/tags?post=20034"}],"curies":[{"name":"wp","href":"https:\/\/api.w.org\/{rel}","templated":true}]}}